{"id":120,"date":"2020-04-08T12:00:50","date_gmt":"2020-04-08T12:00:50","guid":{"rendered":"http:\/\/www2.ongparaocio.org\/?p=120"},"modified":"2025-07-24T16:35:26","modified_gmt":"2025-07-24T16:35:26","slug":"el-equipo-paraocio-de-vela-de-crucero-compitio-con-exito-en-la-copa-del-rey-de-vela-en-palma-de-mallorca","status":"publish","type":"post","link":"https:\/\/www.ongparaocio.org\/index.php\/2020\/04\/08\/el-equipo-paraocio-de-vela-de-crucero-compitio-con-exito-en-la-copa-del-rey-de-vela-en-palma-de-mallorca\/","title":{"rendered":"EL EQUIPO INCLUSIVO PARAOCIO DE VELA DE CRUCERO COMPITI\u00d3 CON \u00c9XITO EN LA COPA DEL REY DE VELA EN PALMA DE MALLORCA"},"content":{"rendered":"<div class=\"fusion-fullwidth fullwidth-box fusion-builder-row-1 fusion-flex-container nonhundred-percent-fullwidth non-hundred-percent-height-scrolling\" style=\"--awb-border-radius-top-left:0px;--awb-border-radius-top-right:0px;--awb-border-radius-bottom-right:0px;--awb-border-radius-bottom-left:0px;--awb-flex-wrap:wrap;\" ><div class=\"fusion-builder-row fusion-row fusion-flex-align-items-flex-start fusion-flex-content-wrap\" style=\"max-width:1216.8px;margin-left: calc(-4% \/ 2 );margin-right: calc(-4% \/ 2 );\"><div class=\"fusion-layout-column fusion_builder_column fusion-builder-column-0 fusion_builder_column_1_1 1_1 fusion-flex-column\" style=\"--awb-bg-size:cover;--awb-width-large:100%;--awb-margin-top-large:0px;--awb-spacing-right-large:1.92%;--awb-margin-bottom-large:0px;--awb-spacing-left-large:1.92%;--awb-width-medium:100%;--awb-spacing-right-medium:1.92%;--awb-spacing-left-medium:1.92%;--awb-width-small:100%;--awb-spacing-right-small:1.92%;--awb-spacing-left-small:1.92%;\"><div class=\"fusion-column-wrapper fusion-flex-justify-content-flex-start fusion-content-layout-column\"><div class=\"fusion-text fusion-text-1\"><p><img decoding=\"async\" class=\"lazyload size-medium wp-image-1499 alignleft\" src=\"https:\/\/www.ongparaocio.org\/wp-content\/uploads\/2020\/04\/copa_del_rey-300x212.jpg\" data-orig-src=\"https:\/\/www.ongparaocio.org\/wp-content\/uploads\/2020\/04\/copa_del_rey-300x212.jpg\" alt=\"Copa del Rey\" width=\"300\" height=\"212\" srcset=\"data:image\/svg+xml,%3Csvg%20xmlns%3D%27http%3A%2F%2Fwww.w3.org%2F2000%2Fsvg%27%20width%3D%27300%27%20height%3D%27212%27%20viewBox%3D%270%200%20300%20212%27%3E%3Crect%20width%3D%27300%27%20height%3D%27212%27%20fill-opacity%3D%220%22%2F%3E%3C%2Fsvg%3E\" data-srcset=\"https:\/\/www.ongparaocio.org\/wp-content\/uploads\/2020\/04\/copa_del_rey-200x141.jpg 200w, https:\/\/www.ongparaocio.org\/wp-content\/uploads\/2020\/04\/copa_del_rey-300x212.jpg 300w, https:\/\/www.ongparaocio.org\/wp-content\/uploads\/2020\/04\/copa_del_rey-400x283.jpg 400w, https:\/\/www.ongparaocio.org\/wp-content\/uploads\/2020\/04\/copa_del_rey-600x424.jpg 600w, https:\/\/www.ongparaocio.org\/wp-content\/uploads\/2020\/04\/copa_del_rey-768x543.jpg 768w, https:\/\/www.ongparaocio.org\/wp-content\/uploads\/2020\/04\/copa_del_rey-800x565.jpg 800w, https:\/\/www.ongparaocio.org\/wp-content\/uploads\/2020\/04\/copa_del_rey.jpg 900w\" data-sizes=\"auto\" data-orig-sizes=\"(max-width: 300px) 100vw, 300px\" \/><br \/>\nEl equipo inclusivo mixto de vela de crucero PARAOCIO, formado por personas con diferentes tipos de discapacidad f\u00edsica, visual e intelectual, ha finalizado en Palma de Mallorca su participaci\u00f3n en el evento deportivo m\u00e1s importante de Europa tras una semana de dura competici\u00f3n en igualdad de condiciones que el resto de la flota. El equipo de grabaci\u00f3n del documental \u2018500 Millas de Superaci\u00f3n\u2019, capitaneado por Josep Pastor, ha estado junto a los miembros de la tripulaci\u00f3n realizando un gran trabajo profesional que dar\u00e1 pr\u00f3ximamente sus frutos. En el documental se narra la \u00e9pica de este equipo de malague\u00f1os que con escasos medios ha logrado superar una de las pruebas m\u00e1s prestigiosas del mundo de las regatas de competici\u00f3n. \u2018500 millas de superaci\u00f3n\u2019 podr\u00e1 verse en salas de la geograf\u00eda espa\u00f1ola y en los principales festivales internacionales. La clase ORC 3 en la que participaba el equipo era la m\u00e1s numerosa de las 11 con un total de 27 embarcaciones de diferentes nacionalidades y, pese al gran nivel de la misma tanto en embarcaciones como en tripulaciones, se pudieron llevar a cabo todas las mangas. Se han superado los objetivos previstos tanto por la ONG PARAOCIO y los diferentes patrocinadores p\u00fablicos como el Puerto Deportivo de Benalm\u00e1dena, la Diputaci\u00f3n de M\u00e1laga, el Ayuntamiento de Marbella, la Universidad de M\u00e1laga y privados Foster Swiss, patrocinador principal, Jotun, Renta 4 Banco que apostaron por este sue\u00f1o solidario. Como colof\u00f3n a esta participaci\u00f3n hist\u00f3rica en la Copa del Rey de Vela y, tras la insistencia del presidente de la ONG PARAOCIO, la Familia Real al completo realiz\u00f3 una recepci\u00f3n oficial en las instalaciones del Real Club N\u00e1utico de Palma para saludar y departir con el equipo PARAOCIO que le entreg\u00f3 a Su Majestad, el Rey Felipe VI, su galard\u00f3n institucional y un polo oficial. Destacar el trato preferente del presidente del Real Club N\u00e1utico de Palma, Javier Sanz, y de los responsables de la regata que accedieron a las peticiones realizadas por la ONG PARAOCIO para adaptarse a las instalaciones. La ONG PARAOCIO, tras diferentes consultas con la direcci\u00f3n de la regata y la Casa Real, trabajar para ofrecer a otras personas con discapacidad y amantes de la vela la oportunidad de disfrutar de un nuevo sue\u00f1o: la pr\u00f3xima edici\u00f3n de la Copa del Rey de Vela, para lo cual se va a comenzar a seleccionar una nueva embarcaci\u00f3n y tripulaci\u00f3n.<\/p>\n<\/div><\/div><\/div><\/div><\/div>\n","protected":false},"excerpt":{"rendered":"","protected":false},"author":1,"featured_media":1586,"comment_status":"closed","ping_status":"open","sticky":false,"template":"","format":"standard","meta":{"footnotes":""},"categories":[4,7,8,11,13,15,17,94,20,27,28],"tags":[32,36],"class_list":["post-120","post","type-post","status-publish","format-standard","has-post-thumbnail","hentry","category-casal-real","category-competicion","category-copa-del-rey","category-equipo","category-felipe-vi","category-jorge-roman","category-mapfre","category-noticias","category-ong-paraocio","category-real-club-nautico-de-palma","category-regatas","tag-32","tag-competicion"],"_links":{"self":[{"href":"https:\/\/www.ongparaocio.org\/index.php\/wp-json\/wp\/v2\/posts\/120","targetHints":{"allow":["GET"]}}],"collection":[{"href":"https:\/\/www.ongparaocio.org\/index.php\/wp-json\/wp\/v2\/posts"}],"about":[{"href":"https:\/\/www.ongparaocio.org\/index.php\/wp-json\/wp\/v2\/types\/post"}],"author":[{"embeddable":true,"href":"https:\/\/www.ongparaocio.org\/index.php\/wp-json\/wp\/v2\/users\/1"}],"replies":[{"embeddable":true,"href":"https:\/\/www.ongparaocio.org\/index.php\/wp-json\/wp\/v2\/comments?post=120"}],"version-history":[{"count":7,"href":"https:\/\/www.ongparaocio.org\/index.php\/wp-json\/wp\/v2\/posts\/120\/revisions"}],"predecessor-version":[{"id":2094,"href":"https:\/\/www.ongparaocio.org\/index.php\/wp-json\/wp\/v2\/posts\/120\/revisions\/2094"}],"wp:featuredmedia":[{"embeddable":true,"href":"https:\/\/www.ongparaocio.org\/index.php\/wp-json\/wp\/v2\/media\/1586"}],"wp:attachment":[{"href":"https:\/\/www.ongparaocio.org\/index.php\/wp-json\/wp\/v2\/media?parent=120"}],"wp:term":[{"taxonomy":"category","embeddable":true,"href":"https:\/\/www.ongparaocio.org\/index.php\/wp-json\/wp\/v2\/categories?post=120"},{"taxonomy":"post_tag","embeddable":true,"href":"https:\/\/www.ongparaocio.org\/index.php\/wp-json\/wp\/v2\/tags?post=120"}],"curies":[{"name":"wp","href":"https:\/\/api.w.org\/{rel}","templated":true}]}}