{"id":2272,"date":"2025-11-13T13:15:20","date_gmt":"2025-11-13T13:15:20","guid":{"rendered":"https:\/\/www.ongparaocio.org\/?p=2272"},"modified":"2025-11-13T13:15:20","modified_gmt":"2025-11-13T13:15:20","slug":"cudeca-tienda-benalmadena-accesible","status":"publish","type":"post","link":"https:\/\/www.ongparaocio.org\/index.php\/2025\/11\/13\/cudeca-tienda-benalmadena-accesible\/","title":{"rendered":"CUDECA TIENDA BENALM\u00c1DENA ACCESIBLE"},"content":{"rendered":"<p>Mar\u00eda del Carmen Salazar Zambrana ha recibido de manos del presidente de la ONG Paraocio Jorge Rom\u00e1n la placa de reconocimiento por cumplir con las normas que facilitan el acceso a todas las personas con movilidad reducida determinadas en la campa\u00f1a Benalm\u00e1dena Accesible\u00a0 junto al Ayuntamiento y la ACEB.<\/p>\n","protected":false},"excerpt":{"rendered":"<p>Mar\u00eda del Carmen Salazar Zambrana ha recibido de manos del presidente de la ONG Paraocio Jorge Rom\u00e1n la placa de reconocimiento por cumplir con las normas que facilitan el acceso a todas las personas con movilidad reducida determinadas en la campa\u00f1a Benalm\u00e1dena Accesible\u00a0 junto al Ayuntamiento y la ACEB.<\/p>\n","protected":false},"author":3,"featured_media":2273,"comment_status":"open","ping_status":"open","sticky":false,"template":"","format":"standard","meta":{"footnotes":""},"categories":[94],"tags":[],"class_list":["post-2272","post","type-post","status-publish","format-standard","has-post-thumbnail","hentry","category-noticias"],"_links":{"self":[{"href":"https:\/\/www.ongparaocio.org\/index.php\/wp-json\/wp\/v2\/posts\/2272","targetHints":{"allow":["GET"]}}],"collection":[{"href":"https:\/\/www.ongparaocio.org\/index.php\/wp-json\/wp\/v2\/posts"}],"about":[{"href":"https:\/\/www.ongparaocio.org\/index.php\/wp-json\/wp\/v2\/types\/post"}],"author":[{"embeddable":true,"href":"https:\/\/www.ongparaocio.org\/index.php\/wp-json\/wp\/v2\/users\/3"}],"replies":[{"embeddable":true,"href":"https:\/\/www.ongparaocio.org\/index.php\/wp-json\/wp\/v2\/comments?post=2272"}],"version-history":[{"count":1,"href":"https:\/\/www.ongparaocio.org\/index.php\/wp-json\/wp\/v2\/posts\/2272\/revisions"}],"predecessor-version":[{"id":2275,"href":"https:\/\/www.ongparaocio.org\/index.php\/wp-json\/wp\/v2\/posts\/2272\/revisions\/2275"}],"wp:featuredmedia":[{"embeddable":true,"href":"https:\/\/www.ongparaocio.org\/index.php\/wp-json\/wp\/v2\/media\/2273"}],"wp:attachment":[{"href":"https:\/\/www.ongparaocio.org\/index.php\/wp-json\/wp\/v2\/media?parent=2272"}],"wp:term":[{"taxonomy":"category","embeddable":true,"href":"https:\/\/www.ongparaocio.org\/index.php\/wp-json\/wp\/v2\/categories?post=2272"},{"taxonomy":"post_tag","embeddable":true,"href":"https:\/\/www.ongparaocio.org\/index.php\/wp-json\/wp\/v2\/tags?post=2272"}],"curies":[{"name":"wp","href":"https:\/\/api.w.org\/{rel}","templated":true}]}}